{"id":5389,"date":"2022-10-24T12:02:00","date_gmt":"2022-10-24T10:02:00","guid":{"rendered":"https:\/\/cftc-sicsti.fr\/sgs\/?p=5389"},"modified":"2022-11-13T09:32:57","modified_gmt":"2022-11-13T08:32:57","slug":"pouvoir-dachat-des-salaries-rien-repond-la-direction","status":"publish","type":"post","link":"https:\/\/cftc-sicsti.fr\/sgs\/pouvoir-dachat-des-salaries-rien-repond-la-direction\/","title":{"rendered":"Pouvoir d&rsquo;achat des salari\u00e9s SGS : RIEN r\u00e9pond la Direction !"},"content":{"rendered":"<p>Au regard du choc d\u2019inflation et de la forte perte de pouvoir d\u2019achat constat\u00e9e pour les salari\u00e9s du groupe depuis plusieurs ann\u00e9es, les organisations syndicales repr\u00e9sentatives du Groupe SGS France ont demand\u00e9 express\u00e9ment \u00e0 \u00eatre re\u00e7ues par la Direction pour conna\u00eetre les mesures qu\u2019elle souhaitait mettre en place imm\u00e9diatement.<\/p>\n<p>Cette r\u00e9union s\u2019est d\u00e9roul\u00e9e ce vendredi 21 octobre 2022 et voici ce qui a \u00e9t\u00e9 propos\u00e9 par la Direction\u00a0:<\/p>\n<p><strong>RIEN<\/strong>, elle souhaite attendre les NAO de 2023.<\/p>\n<p><strong>PIRE<\/strong>, voici la r\u00e9ponse apport\u00e9e aux salari\u00e9s qui seraient m\u00e9contents de leur traitement\u00a0:<\/p>\n<p><strong>\u00ab\u00a0Ils n\u2019ont qu\u2019\u00e0 traverser la rue pour trouver un autre travail\u00a0\u00bb<\/strong><\/p>\n<p>Claudia MANON, DRH GROUPE SGS France, 21 octobre 2022<\/p>\n<p>A l\u2019heure o\u00f9 la Direction lance son projet \u00ab\u00a0<strong>NOUS SGS<\/strong>\u00a0\u00bb, quel <strong>signal d\u00e9sastreux<\/strong> envoy\u00e9 aux salari\u00e9s\u00a0!<\/p>\n<p>Elle ne peut se plaindre du <strong>manque d\u2019attractivit\u00e9 <\/strong>de nos m\u00e9tiers et de sa peine \u00e0 <strong>recruter<\/strong>, tout en maintenant un <strong>climat social tendu<\/strong>. Avec ce refus, la direction organise le <strong>conflit<\/strong>.<\/p>\n<p><strong>Nous revendiquons des mesures imm\u00e9diates<\/strong> et attendons que la Direction revienne vers nous dans les prochains jours avec de <strong>vraies avanc\u00e9es salariales<\/strong>\u00a0!<\/p>\n","protected":false},"excerpt":{"rendered":"<p>Au regard du choc d\u2019inflation et de la forte perte de pouvoir d\u2019achat constat\u00e9e pour les salari\u00e9s du groupe depuis plusieurs ann\u00e9es, les organisations syndicales repr\u00e9sentatives du Groupe SGS France ont demand\u00e9 express\u00e9ment \u00e0 \u00eatre re\u00e7ues par la Direction pour conna\u00eetre les mesures qu\u2019elle souhaitait mettre en place imm\u00e9diatement. Cette r\u00e9union s\u2019est d\u00e9roul\u00e9e ce vendredi [&hellip;]<\/p>\n","protected":false},"author":286,"featured_media":5390,"comment_status":"open","ping_status":"open","sticky":false,"template":"","format":"standard","meta":{"footnotes":""},"categories":[60],"tags":[],"class_list":["post-5389","post","type-post","status-publish","format-standard","has-post-thumbnail","hentry","category-inflation"],"_links":{"self":[{"href":"https:\/\/cftc-sicsti.fr\/sgs\/wp-json\/wp\/v2\/posts\/5389","targetHints":{"allow":["GET"]}}],"collection":[{"href":"https:\/\/cftc-sicsti.fr\/sgs\/wp-json\/wp\/v2\/posts"}],"about":[{"href":"https:\/\/cftc-sicsti.fr\/sgs\/wp-json\/wp\/v2\/types\/post"}],"author":[{"embeddable":true,"href":"https:\/\/cftc-sicsti.fr\/sgs\/wp-json\/wp\/v2\/users\/286"}],"replies":[{"embeddable":true,"href":"https:\/\/cftc-sicsti.fr\/sgs\/wp-json\/wp\/v2\/comments?post=5389"}],"version-history":[{"count":2,"href":"https:\/\/cftc-sicsti.fr\/sgs\/wp-json\/wp\/v2\/posts\/5389\/revisions"}],"predecessor-version":[{"id":5392,"href":"https:\/\/cftc-sicsti.fr\/sgs\/wp-json\/wp\/v2\/posts\/5389\/revisions\/5392"}],"wp:featuredmedia":[{"embeddable":true,"href":"https:\/\/cftc-sicsti.fr\/sgs\/wp-json\/wp\/v2\/media\/5390"}],"wp:attachment":[{"href":"https:\/\/cftc-sicsti.fr\/sgs\/wp-json\/wp\/v2\/media?parent=5389"}],"wp:term":[{"taxonomy":"category","embeddable":true,"href":"https:\/\/cftc-sicsti.fr\/sgs\/wp-json\/wp\/v2\/categories?post=5389"},{"taxonomy":"post_tag","embeddable":true,"href":"https:\/\/cftc-sicsti.fr\/sgs\/wp-json\/wp\/v2\/tags?post=5389"}],"curies":[{"name":"wp","href":"https:\/\/api.w.org\/{rel}","templated":true}]}}