{"id":9225,"date":"2025-01-12T19:12:15","date_gmt":"2025-01-12T18:12:15","guid":{"rendered":"https:\/\/cftc-sicsti.fr\/capgemini\/?p=9225"},"modified":"2025-01-31T18:08:07","modified_gmt":"2025-01-31T17:08:07","slug":"augmentation-des-minima-de-salaires-de-branche","status":"publish","type":"post","link":"https:\/\/cftc-sicsti.fr\/capgemini\/augmentation-des-minima-de-salaires-de-branche\/","title":{"rendered":"Augmentation des minima de salaires de branche"},"content":{"rendered":"<p>Les partenaire sociaux de la branche (f\u00e9d\u00e9ration Syntec, f\u00e9d\u00e9ration CINOV, les syndicats <strong>CFTC<\/strong> et CFDT) ont n\u00e9goci\u00e9 et sign\u00e9 l&rsquo;augmentation des salaires minima de branche pour une application au 1er janvier 2025. Les SMH dans les tableaux sont exprim\u00e9s <strong>en brut<\/strong> pour 35h de travail hebdo ou 151,67h par mois.<\/p>\n<p><img fetchpriority=\"high\" decoding=\"async\" class=\"alignnone size-full wp-image-9240\" src=\"http:\/\/cftc-sicsti.fr\/capgemini\/wp-content\/uploads\/sites\/94\/2025\/01\/smhic2025.png\" alt=\"\" width=\"578\" height=\"343\" srcset=\"https:\/\/cftc-sicsti.fr\/capgemini\/wp-content\/uploads\/sites\/94\/2025\/01\/smhic2025.png 578w, https:\/\/cftc-sicsti.fr\/capgemini\/wp-content\/uploads\/sites\/94\/2025\/01\/smhic2025-300x178.png 300w\" sizes=\"(max-width: 578px) 100vw, 578px\" \/><\/p>\n<p>&nbsp;<\/p>\n<p><img decoding=\"async\" class=\"alignnone size-full wp-image-9241\" src=\"http:\/\/cftc-sicsti.fr\/capgemini\/wp-content\/uploads\/sites\/94\/2025\/01\/smhic2025b.png\" alt=\"\" width=\"580\" height=\"386\" srcset=\"https:\/\/cftc-sicsti.fr\/capgemini\/wp-content\/uploads\/sites\/94\/2025\/01\/smhic2025b.png 580w, https:\/\/cftc-sicsti.fr\/capgemini\/wp-content\/uploads\/sites\/94\/2025\/01\/smhic2025b-300x200.png 300w\" sizes=\"(max-width: 580px) 100vw, 580px\" \/><\/p>\n<p>La CFTC d\u00e9nonce la lente et continue \u00e9rosion des salaires minima de branche depuis 20 ans. En euros constants, cette baisse est continue. Elle s&rsquo;est aggrav\u00e9e \u00e0 chaque fois que les partenaires sociaux n&rsquo;ont pas pu se mettre d&rsquo;accord et qu&rsquo;une carence d&rsquo;augmentation a fait \u00ab\u00a0sauter\u00a0\u00bb une ann\u00e9e.<\/p>\n<p>Rattrap\u00e9s par l&rsquo;obligation de d\u00e9finir des minimas au-dessus du SMIC (le SMIC a lui-m\u00eame r\u00e9guli\u00e8rement augment\u00e9 d\u00e9passant\u00a0 ainsi deux des plus basses r\u00e9mun\u00e9rations ETAM de notre branche), les partenaires sociaux ont redress\u00e9 ce grave d\u00e9faut.<\/p>\n<p>Les niveaux les plus \u00e9lev\u00e9s ont aussi subi cette baisse continue, \u00e9crasant de fait tous les niveaux de salaires.<\/p>\n<p>En clair, nous subissons une diminution continue des salaires de r\u00e9f\u00e9rence. Nous avons re\u00e7u \u00e0 donner un coup d&rsquo;arr\u00eat \u00e0 ce ph\u00e9nom\u00e8ne, mais il va falloir se battre les ann\u00e9es qui viennent pour restaurer des niveaux corrects de ces minima.<\/p>\n<p>Beaucoup de salari\u00e9s ne se sentent pas concern\u00e9s par les minima, parce que leur salaire est plus \u00e9lev\u00e9. Pourtant, ils feraient bien de v\u00e9rifier. Par ailleurs, une hausse des minima devrait plus ou moins se r\u00e9percuter sur votre salaire : en tout cas, c&rsquo;est une r\u00e9f\u00e9rence pour vos n\u00e9gociations salariales !<\/p>\n<p>En p\u00e9riode \u00e9conomique m\u00e9diocre (c&rsquo;est maintenant le cas), ces minima sont un filet de s\u00e9curit\u00e9 pour les salari\u00e9s de la branche.\u00a0 C&rsquo;est donc un sujet important pour la <span style=\"color: #0000ff;\"><strong>CFTC<\/strong><\/span> qui veut voir aboutir des n\u00e9gociations avec des r\u00e9sultats.<\/p>\n<p>&nbsp;<\/p>\n<hr \/>\n<p>&nbsp;<\/p>\n<p><a href=\"https:\/\/cftc-sicsti.fr\/adherez-en-ligne\/\" target=\"_blank\" rel=\"noopener\">Adh\u00e9rez \u00e0 la CFTC !<\/a><\/p>\n<p><a href=\"https:\/\/cftc-sicsti.fr\/capgemini\/signer-ou-ne-pas-signer-la-philosophie-de-la-cftc\/\">Comment la CFTC d\u00e9cide-t-elle de signer un projet d&rsquo;accord ?<\/a><\/p>\n<p>Voir l&rsquo;accord :<br \/>\n<a href=\"https:\/\/cftc-sicsti.fr\/capgemini\/wp-content\/uploads\/sites\/94\/2025\/01\/SMH2025.pdf\" class=\"pdfemb-viewer\" style=\"\" data-width=\"max\" data-height=\"max\" data-toolbar=\"bottom\" data-toolbar-fixed=\"off\">SMH2025<\/a><\/p>\n","protected":false},"excerpt":{"rendered":"<p>Les partenaire sociaux de la branche (f\u00e9d\u00e9ration Syntec, f\u00e9d\u00e9ration CINOV, les syndicats CFTC et CFDT) ont n\u00e9goci\u00e9 et sign\u00e9 l&rsquo;augmentation des salaires minima de branche pour une application au 1er janvier 2025. Les SMH dans les tableaux sont exprim\u00e9s en brut pour 35h de travail hebdo ou 151,67h par mois. &nbsp; La CFTC d\u00e9nonce la [&hellip;]<\/p>\n","protected":false},"author":206,"featured_media":9231,"comment_status":"open","ping_status":"open","sticky":false,"template":"","format":"standard","meta":{"footnotes":""},"categories":[60],"tags":[],"class_list":["post-9225","post","type-post","status-publish","format-standard","has-post-thumbnail","hentry","category-salaires"],"_links":{"self":[{"href":"https:\/\/cftc-sicsti.fr\/capgemini\/wp-json\/wp\/v2\/posts\/9225","targetHints":{"allow":["GET"]}}],"collection":[{"href":"https:\/\/cftc-sicsti.fr\/capgemini\/wp-json\/wp\/v2\/posts"}],"about":[{"href":"https:\/\/cftc-sicsti.fr\/capgemini\/wp-json\/wp\/v2\/types\/post"}],"author":[{"embeddable":true,"href":"https:\/\/cftc-sicsti.fr\/capgemini\/wp-json\/wp\/v2\/users\/206"}],"replies":[{"embeddable":true,"href":"https:\/\/cftc-sicsti.fr\/capgemini\/wp-json\/wp\/v2\/comments?post=9225"}],"version-history":[{"count":5,"href":"https:\/\/cftc-sicsti.fr\/capgemini\/wp-json\/wp\/v2\/posts\/9225\/revisions"}],"predecessor-version":[{"id":9353,"href":"https:\/\/cftc-sicsti.fr\/capgemini\/wp-json\/wp\/v2\/posts\/9225\/revisions\/9353"}],"wp:featuredmedia":[{"embeddable":true,"href":"https:\/\/cftc-sicsti.fr\/capgemini\/wp-json\/wp\/v2\/media\/9231"}],"wp:attachment":[{"href":"https:\/\/cftc-sicsti.fr\/capgemini\/wp-json\/wp\/v2\/media?parent=9225"}],"wp:term":[{"taxonomy":"category","embeddable":true,"href":"https:\/\/cftc-sicsti.fr\/capgemini\/wp-json\/wp\/v2\/categories?post=9225"},{"taxonomy":"post_tag","embeddable":true,"href":"https:\/\/cftc-sicsti.fr\/capgemini\/wp-json\/wp\/v2\/tags?post=9225"}],"curies":[{"name":"wp","href":"https:\/\/api.w.org\/{rel}","templated":true}]}}