{"id":8731,"date":"2024-10-07T10:58:36","date_gmt":"2024-10-07T08:58:36","guid":{"rendered":"https:\/\/cftc-sicsti.fr\/capgemini\/?p=8731"},"modified":"2024-10-07T10:59:23","modified_gmt":"2024-10-07T08:59:23","slug":"point-cfp-septembre-2024-places-disponibles-inscrivez-vous","status":"publish","type":"post","link":"https:\/\/cftc-sicsti.fr\/capgemini\/point-cfp-septembre-2024-places-disponibles-inscrivez-vous\/","title":{"rendered":"Point CFP Septembre 2024 &#8211; places disponibles &#8211; inscrivez vous !"},"content":{"rendered":"<p>La CFP est un dispositif de formations \u00e0 l&rsquo;initiative des salari\u00e9s dans le cadre de l&rsquo;entreprise et pour la plupart prises en charge par l&rsquo;entreprise. Si vous n\u2019avez pas encore fait de demande CFP (Commission de Formation Permanente), il est toujours temps de s&rsquo;inscrire !<\/p>\n<p><span style=\"color: #333399;\"><strong>Conseil CFTC :<\/strong><\/span> consultez <strong><a href=\"http:\/\/cftc-sicsti.fr\/capgemini\/wp-content\/uploads\/sites\/94\/2024\/10\/News-CFP-OCT-2024-UES.pdf\">ce document<\/a> <\/strong>et positionnez-vous avant le 14 Octobre pour Capgemini ER&amp;D, le 21 Octobre pour Appli et le 22 Octobre pour Infra.<\/p>\n<p>N\u2019h\u00e9sitez pas \u00e0 solliciter vos \u00e9lus pour tout conseil ou aide.<\/p>\n<hr \/>\n<p>Pour en savoir plus sur la CFP, consultez le <a href=\"https:\/\/cfp.fr.capgemini.com\/\" target=\"_blank\" rel=\"noopener\">site de la CFP :<\/a><\/p>\n<p>La CFP permet \u00e0 tous les salari\u00e9s de l\u2019UES Capgemini d\u2019acc\u00e9der \u00e0 un catalogue incroyable de formations (hors du plan de d\u00e9veloppement des comp\u00e9tences) <strong>dans 4 domaines<\/strong>:<\/p>\n<ul>\n<li>Professionnel,<\/li>\n<li>D\u00e9veloppement personnel et comportemental,<\/li>\n<li>Soci\u00e9tal et Environnemental,<\/li>\n<li>Actions culturelles et mobilit\u00e9.<\/li>\n<\/ul>\n<p>Ainsi, on peut dans la m\u00eame ann\u00e9e suivre :<\/p>\n<ul>\n<li>une formation du domaine Professionnel\u00a0 <strong>ou<\/strong> du domaine D\u00e9veloppement personnel et comportemental<\/li>\n<li>+ une du domaine Soci\u00e9tal et Environnemental<\/li>\n<li>+ une du domaine Actions culturelles et mobilit\u00e9,<\/li>\n<\/ul>\n<p>soit 3 formations au total.<\/p>\n","protected":false},"excerpt":{"rendered":"<p>La CFP est un dispositif de formations \u00e0 l&rsquo;initiative des salari\u00e9s dans le cadre de l&rsquo;entreprise et pour la plupart prises en charge par l&rsquo;entreprise. Si vous n\u2019avez pas encore fait de demande CFP (Commission de Formation Permanente), il est toujours temps de s&rsquo;inscrire ! Conseil CFTC : consultez ce document et positionnez-vous avant le [&hellip;]<\/p>\n","protected":false},"author":358,"featured_media":8142,"comment_status":"open","ping_status":"open","sticky":false,"template":"","format":"standard","meta":{"footnotes":""},"categories":[96],"tags":[],"class_list":["post-8731","post","type-post","status-publish","format-standard","has-post-thumbnail","hentry","category-cfp"],"_links":{"self":[{"href":"https:\/\/cftc-sicsti.fr\/capgemini\/wp-json\/wp\/v2\/posts\/8731","targetHints":{"allow":["GET"]}}],"collection":[{"href":"https:\/\/cftc-sicsti.fr\/capgemini\/wp-json\/wp\/v2\/posts"}],"about":[{"href":"https:\/\/cftc-sicsti.fr\/capgemini\/wp-json\/wp\/v2\/types\/post"}],"author":[{"embeddable":true,"href":"https:\/\/cftc-sicsti.fr\/capgemini\/wp-json\/wp\/v2\/users\/358"}],"replies":[{"embeddable":true,"href":"https:\/\/cftc-sicsti.fr\/capgemini\/wp-json\/wp\/v2\/comments?post=8731"}],"version-history":[{"count":3,"href":"https:\/\/cftc-sicsti.fr\/capgemini\/wp-json\/wp\/v2\/posts\/8731\/revisions"}],"predecessor-version":[{"id":8782,"href":"https:\/\/cftc-sicsti.fr\/capgemini\/wp-json\/wp\/v2\/posts\/8731\/revisions\/8782"}],"wp:featuredmedia":[{"embeddable":true,"href":"https:\/\/cftc-sicsti.fr\/capgemini\/wp-json\/wp\/v2\/media\/8142"}],"wp:attachment":[{"href":"https:\/\/cftc-sicsti.fr\/capgemini\/wp-json\/wp\/v2\/media?parent=8731"}],"wp:term":[{"taxonomy":"category","embeddable":true,"href":"https:\/\/cftc-sicsti.fr\/capgemini\/wp-json\/wp\/v2\/categories?post=8731"},{"taxonomy":"post_tag","embeddable":true,"href":"https:\/\/cftc-sicsti.fr\/capgemini\/wp-json\/wp\/v2\/tags?post=8731"}],"curies":[{"name":"wp","href":"https:\/\/api.w.org\/{rel}","templated":true}]}}