{"id":8679,"date":"2024-10-10T12:13:05","date_gmt":"2024-10-10T10:13:05","guid":{"rendered":"https:\/\/cftc-sicsti.fr\/capgemini\/?p=8679"},"modified":"2024-10-10T12:13:05","modified_gmt":"2024-10-10T10:13:05","slug":"avenant-temps-partiel-90-amenage-en-fonction-des-vacances-scolaires","status":"publish","type":"post","link":"https:\/\/cftc-sicsti.fr\/capgemini\/avenant-temps-partiel-90-amenage-en-fonction-des-vacances-scolaires\/","title":{"rendered":"Avenant temps partiel 90% am\u00e9nag\u00e9 en fonction des vacances scolaires"},"content":{"rendered":"<p>La <span style=\"color: #000080;\"><strong>CFTC<\/strong><\/span> a n\u00e9goci\u00e9 et sign\u00e9 un texte qui institue un <strong>temps partiel \u00e0 90%<\/strong> am\u00e9nag\u00e9 en fonction des <strong>vacances scolaires<\/strong>.<\/p>\n<h2>Qui est concern\u00e9 et que contient cet avenant ?<\/h2>\n<h3>Qui ?<\/h3>\n<p>Les salari\u00e9s ayant un enfant scolaris\u00e9 de moins de 18 ans ou rattach\u00e9 au foyer fiscal peuvent b\u00e9n\u00e9ficier, avec accord de leur management, d\u2019un droit \u00e0 temps partiel 90% vacances scolaires \u00e0 condition d&rsquo;avoir un an d&rsquo;anciennet\u00e9 au minimum.<\/p>\n<h3>Pourquoi ?<\/h3>\n<p>A l\u2019occasion de r\u00e9unions de la commission de suivi de l&rsquo;accord sur l&rsquo;\u00c9galit\u00e9 Professionnelle, certaines organisations syndicales signataires ont remont\u00e9 des difficult\u00e9s de salari\u00e9s li\u00e9es au positionnement des cinq jours cons\u00e9cutifs d\u2019absence sur une semaine comprenant un jour f\u00e9ri\u00e9, notamment les vacances de fin d\u2019ann\u00e9e 2023 comportant un jour f\u00e9ri\u00e9 sur chaque semaine.<\/p>\n<p>Les salari\u00e9s perdaient donc un jour de cong\u00e9s sur les 5 pos\u00e9s.<\/p>\n<h3>Comment ?<\/h3>\n<p>Les 23 jours de cong\u00e9s octroy\u00e9s par cet accord se r\u00e9partissent principalement sur les \u00ab\u00a0petites\u00a0\u00bb vacances scolaires : Toussaint, No\u00ebl, F\u00e9vrier et Printemps.<\/p>\n<p><strong>Cet avenant apporte plus de souplesse dans son application.<\/strong><\/p>\n<p>N&rsquo;h\u00e9sitez pas \u00e0 <a href=\"https:\/\/liste.nouscestvous.fr\/\">contacter vos \u00e9lus<\/a> pour \u00e9changer sur ce dispositif.<\/p>\n<p>Lire <a href=\"https:\/\/talent.capgemini.com\/media_library\/Medias\/France\/2024__06__21_Avenant_n1__temps_partiel_vacances_scolaires_.docx.pdf\">l&rsquo;avenant<\/a> complet.<\/p>\n<p>&nbsp;<\/p>\n<p>&nbsp;<\/p>\n","protected":false},"excerpt":{"rendered":"<p>La CFTC a n\u00e9goci\u00e9 et sign\u00e9 un texte qui institue un temps partiel \u00e0 90% am\u00e9nag\u00e9 en fonction des vacances scolaires. Qui est concern\u00e9 et que contient cet avenant ? Qui ? Les salari\u00e9s ayant un enfant scolaris\u00e9 de moins de 18 ans ou rattach\u00e9 au foyer fiscal peuvent b\u00e9n\u00e9ficier, avec accord de leur management, [&hellip;]<\/p>\n","protected":false},"author":354,"featured_media":8697,"comment_status":"open","ping_status":"open","sticky":false,"template":"","format":"standard","meta":{"footnotes":""},"categories":[52],"tags":[],"class_list":["post-8679","post","type-post","status-publish","format-standard","has-post-thumbnail","hentry","category-accords"],"_links":{"self":[{"href":"https:\/\/cftc-sicsti.fr\/capgemini\/wp-json\/wp\/v2\/posts\/8679","targetHints":{"allow":["GET"]}}],"collection":[{"href":"https:\/\/cftc-sicsti.fr\/capgemini\/wp-json\/wp\/v2\/posts"}],"about":[{"href":"https:\/\/cftc-sicsti.fr\/capgemini\/wp-json\/wp\/v2\/types\/post"}],"author":[{"embeddable":true,"href":"https:\/\/cftc-sicsti.fr\/capgemini\/wp-json\/wp\/v2\/users\/354"}],"replies":[{"embeddable":true,"href":"https:\/\/cftc-sicsti.fr\/capgemini\/wp-json\/wp\/v2\/comments?post=8679"}],"version-history":[{"count":5,"href":"https:\/\/cftc-sicsti.fr\/capgemini\/wp-json\/wp\/v2\/posts\/8679\/revisions"}],"predecessor-version":[{"id":8807,"href":"https:\/\/cftc-sicsti.fr\/capgemini\/wp-json\/wp\/v2\/posts\/8679\/revisions\/8807"}],"wp:featuredmedia":[{"embeddable":true,"href":"https:\/\/cftc-sicsti.fr\/capgemini\/wp-json\/wp\/v2\/media\/8697"}],"wp:attachment":[{"href":"https:\/\/cftc-sicsti.fr\/capgemini\/wp-json\/wp\/v2\/media?parent=8679"}],"wp:term":[{"taxonomy":"category","embeddable":true,"href":"https:\/\/cftc-sicsti.fr\/capgemini\/wp-json\/wp\/v2\/categories?post=8679"},{"taxonomy":"post_tag","embeddable":true,"href":"https:\/\/cftc-sicsti.fr\/capgemini\/wp-json\/wp\/v2\/tags?post=8679"}],"curies":[{"name":"wp","href":"https:\/\/api.w.org\/{rel}","templated":true}]}}