{"id":8661,"date":"2024-10-10T12:27:29","date_gmt":"2024-10-10T10:27:29","guid":{"rendered":"https:\/\/cftc-sicsti.fr\/capgemini\/?p=8661"},"modified":"2024-10-15T15:25:40","modified_gmt":"2024-10-15T13:25:40","slug":"cse-appli-cheques-vacances-oui-ou-non","status":"publish","type":"post","link":"https:\/\/cftc-sicsti.fr\/capgemini\/cse-appli-cheques-vacances-oui-ou-non\/","title":{"rendered":"CSE Appli : Ch\u00e8ques vacances, OUI ou NON ?"},"content":{"rendered":"<p><strong>Sp\u00e9cial CSE Appli \u2013 R\u00e9flexions sur les ch\u00e8ques va<\/strong><strong>cances<\/strong><\/p>\n<p>Comment faire b\u00e9n\u00e9ficier les salari\u00e9s qui le souhaitent de ch\u00e8ques vacances, tout en maintenant les autres offres pl\u00e9biscit\u00e9es ? Ou autrement dit, est-il possible de financer la mise en \u0153uvre de ch\u00e8ques vacances sans r\u00e9duire les lignes budg\u00e9taires de certaines activit\u00e9s ?<\/p>\n<p><strong>Vous voulez vraiment la r\u00e9ponse\u00a0?<\/strong><\/p>\n<p>Par le pass\u00e9, et notamment avec l\u2019arriv\u00e9e des salari\u00e9s de Sogeti, l\u2019offre des prestations du CSE s\u2019est \u00e9largie, n\u00e9cessitant l\u2019ajout au budget annuel d\u2019environ <strong>1 million d&rsquo;euros<\/strong> chaque ann\u00e9e pour maintenir le niveau des prestations propos\u00e9es et r\u00e9pondre au mieux aux envies et besoins des salari\u00e9s.<\/p>\n<p>Pour <strong>la CFTC<\/strong>, l&rsquo;introduction des ch\u00e8ques vacances ne doit pas se faire au d\u00e9triment des activit\u00e9s existantes appr\u00e9ci\u00e9es par de tr\u00e8s nombreux salari\u00e9s. <strong>La CFTC<\/strong> estime \u00e9galement que la mise en place des ch\u00e8ques vacances ne doit pas entra\u00eener <strong>une r\u00e9duction des aides accord\u00e9es<\/strong>, ni aux familles, notamment monoparentales, ni aux salari\u00e9s les plus fragiles, ni aux activit\u00e9s collectives comme les journ\u00e9es famille, les journ\u00e9es \u00e0 10\u20ac, la f\u00eate de No\u00ebl, etc.<\/p>\n<p><strong>Plusieurs pistes<\/strong> (parfois tr\u00e8s farfelues de la part d\u2019autres OS) ont \u00e9t\u00e9 annonc\u00e9es, voici les principales:<\/p>\n<ul>\n<li>Suppression de la subvention pour les s\u00e9jours avec les partenaires not\u00e9s en \u00e9co score D (Airbnb \/ Abritel etc\u2026). Cela n&rsquo;engendrera aucune \u00e9conomie, les salari\u00e9s se tourneront vers un autre prestataire mieux not\u00e9. Cela pourrait aussi conduire \u00e0 une surconsommation des ch\u00e8ques vacances.<\/li>\n<li>Instauration d&rsquo;un syst\u00e8me de bonus\/malus sur le taux de subvention, cela va certes amener les salari\u00e9s \u00e0 mieux choisir leurs partenaires, mais cela ne permettra pas de d\u00e9gager du budget.<\/li>\n<li>R\u00e9duire le nombre de voyages lointains au profit de voyages en Europe constituera-t-il une v\u00e9ritable \u00e9conomie, sachant que seul le volume permet des n\u00e9gociations avantageuses avec les tour-op\u00e9rateurs ?<\/li>\n<li>Enfin, pour <strong>la CFTC,<\/strong> r\u00e9duire l\u2019offre r\u00e9gionale revient \u00e0 priver les salaries d\u2019activit\u00e9 week-ends, particuli\u00e8rement appr\u00e9ci\u00e9s.<\/li>\n<\/ul>\n<p>En l\u2019\u00e9tat, nous ne voyons pas comment financer les ch\u00e8ques vacances sans r\u00e9duire les offres existantes et p\u00e9naliser les salari\u00e9s, ce que <strong>la CFTC<\/strong> refuse, tout en sachant que les crit\u00e8res d\u2019attribution des ch\u00e8ques vacances n\u2019ont pas encore \u00e9t\u00e9 discut\u00e9s et d\u00e9finis.<\/p>\n<p>Avez-vous d\u00e9j\u00e0 b\u00e9n\u00e9fici\u00e9 de ch\u00e8ques vacances\u00a0? Faites-nous part de votre exp\u00e9rience <a href=\"mailto:cftc.fr@capgemini.com\">ici<\/a><\/p>\n<p><strong>A suivre, notre analyse sur leur future utilisation\u2026<\/strong><\/p>\n","protected":false},"excerpt":{"rendered":"<p>Sp\u00e9cial CSE Appli \u2013 R\u00e9flexions sur les ch\u00e8ques vacances Comment faire b\u00e9n\u00e9ficier les salari\u00e9s qui le souhaitent de ch\u00e8ques vacances, tout en maintenant les autres offres pl\u00e9biscit\u00e9es ? Ou autrement dit, est-il possible de financer la mise en \u0153uvre de ch\u00e8ques vacances sans r\u00e9duire les lignes budg\u00e9taires de certaines activit\u00e9s ? Vous voulez vraiment la [&hellip;]<\/p>\n","protected":false},"author":358,"featured_media":8663,"comment_status":"open","ping_status":"open","sticky":false,"template":"","format":"standard","meta":{"footnotes":""},"categories":[5],"tags":[],"class_list":["post-8661","post","type-post","status-publish","format-standard","has-post-thumbnail","hentry","category-cse"],"_links":{"self":[{"href":"https:\/\/cftc-sicsti.fr\/capgemini\/wp-json\/wp\/v2\/posts\/8661","targetHints":{"allow":["GET"]}}],"collection":[{"href":"https:\/\/cftc-sicsti.fr\/capgemini\/wp-json\/wp\/v2\/posts"}],"about":[{"href":"https:\/\/cftc-sicsti.fr\/capgemini\/wp-json\/wp\/v2\/types\/post"}],"author":[{"embeddable":true,"href":"https:\/\/cftc-sicsti.fr\/capgemini\/wp-json\/wp\/v2\/users\/358"}],"replies":[{"embeddable":true,"href":"https:\/\/cftc-sicsti.fr\/capgemini\/wp-json\/wp\/v2\/comments?post=8661"}],"version-history":[{"count":3,"href":"https:\/\/cftc-sicsti.fr\/capgemini\/wp-json\/wp\/v2\/posts\/8661\/revisions"}],"predecessor-version":[{"id":8859,"href":"https:\/\/cftc-sicsti.fr\/capgemini\/wp-json\/wp\/v2\/posts\/8661\/revisions\/8859"}],"wp:featuredmedia":[{"embeddable":true,"href":"https:\/\/cftc-sicsti.fr\/capgemini\/wp-json\/wp\/v2\/media\/8663"}],"wp:attachment":[{"href":"https:\/\/cftc-sicsti.fr\/capgemini\/wp-json\/wp\/v2\/media?parent=8661"}],"wp:term":[{"taxonomy":"category","embeddable":true,"href":"https:\/\/cftc-sicsti.fr\/capgemini\/wp-json\/wp\/v2\/categories?post=8661"},{"taxonomy":"post_tag","embeddable":true,"href":"https:\/\/cftc-sicsti.fr\/capgemini\/wp-json\/wp\/v2\/tags?post=8661"}],"curies":[{"name":"wp","href":"https:\/\/api.w.org\/{rel}","templated":true}]}}