{"id":12715,"date":"2026-09-02T16:00:28","date_gmt":"2026-09-02T14:00:28","guid":{"rendered":"https:\/\/cftc-sicsti.fr\/capgemini\/?p=12715"},"modified":"2026-09-02T16:14:30","modified_gmt":"2026-09-02T14:14:30","slug":"transition-environnementale-la-cftc-signe-un-accord-de-branche-historique","status":"publish","type":"post","link":"https:\/\/cftc-sicsti.fr\/capgemini\/transition-environnementale-la-cftc-signe-un-accord-de-branche-historique\/","title":{"rendered":"Transition environnementale : la CFTC signe un accord de Branche historique."},"content":{"rendered":"<p><strong>Le 9 juillet 2026, les partenaires sociaux de la Branche BETIC (IDCC 1486) ont sign\u00e9 un accord majeur sur la transition environnementale. Port\u00e9 par la <span style=\"color: #0000ff;\">CFTC<\/span>, cet accord fixe un cadre concret pour permettre aux entreprises et aux salari\u00e9s de la Branche d&rsquo;agir ensemble face aux enjeux environnementaux.\u00a0<\/strong><\/p>\n<p>Pour le SICSTI<strong> <span style=\"color: #0000ff;\">CFTC<\/span><\/strong>, cette signature constitue une avanc\u00e9e importante : la transition environnementale ne peut pas se faire sans les salari\u00e9s, leurs repr\u00e9sentants et le dialogue social.<\/p>\n<h3>La <span style=\"color: #0000ff;\">CFTC<\/span> fait de la transition environnementale un enjeu du dialogue social<\/h3>\n<p>Les entreprises de la Branche BETIC occupent une place particuli\u00e8re dans la transition \u00e9cologique. Par leurs activit\u00e9s de conseil, d&rsquo;ing\u00e9nierie et de services, elles contribuent directement aux choix et aux transformations engag\u00e9s par leurs clients.<\/p>\n<p>Pour la <strong><span style=\"color: #0000ff;\">CFTC<\/span>,<\/strong> il \u00e9tait donc essentiel d&rsquo;aller au-del\u00e0 de la seule r\u00e9duction de l&#8217;empreinte environnementale des entreprises et de prendre en compte leur responsabilit\u00e9 de prescription.<\/p>\n<p>L&rsquo;accord pr\u00e9voit ainsi d&rsquo;agir \u00e0 la fois sur l&#8217;empreinte interne des entreprises et sur leur capacit\u00e9 \u00e0 int\u00e9grer les enjeux environnementaux dans leurs prestations et leurs recommandations.<\/p>\n<p>Autre avanc\u00e9e majeure : les entreprises d&rsquo;au moins 300 salari\u00e9s devront n\u00e9gocier tous les trois ans sur les cons\u00e9quences de la transition environnementale, notamment en mati\u00e8re d&#8217;emploi, de comp\u00e9tences, d&rsquo;organisations du travail et de risques climatiques.<\/p>\n<p>Une mani\u00e8re concr\u00e8te de faire de la transition environnementale un v\u00e9ritable sujet de dialogue social.<\/p>\n<h3>Cinq axes pour passer \u00e0 l&rsquo;action<\/h3>\n<p>L&rsquo;accord repose sur cinq grands axes, pens\u00e9s pour permettre aux entreprises de la Branche de progresser de mani\u00e8re concr\u00e8te et proportionn\u00e9e :<\/p>\n<ol>\n<li><strong>Piloter la transition<\/strong><br \/>\nInt\u00e9grer les enjeux environnementaux au dialogue social, associer les salari\u00e9s et les CSE et mesurer l&#8217;empreinte de l&rsquo;entreprise.<\/li>\n<li><strong>D\u00e9velopper les comp\u00e9tences<\/strong><br \/>\nIdentifier les besoins li\u00e9s \u00e0 la transition et permettre aux salari\u00e9s de se former gr\u00e2ce aux dispositifs de la Branche et \u00e0 une certification d\u00e9di\u00e9e.<\/li>\n<li><strong>R\u00e9duire l&#8217;empreinte environnementale<\/strong><br \/>\nEncourager notamment les mobilit\u00e9s bas carbone, la sobri\u00e9t\u00e9 num\u00e9rique et une meilleure gestion des d\u00e9chets.<\/li>\n<li><strong>Accompagner les clients<\/strong><br \/>\nInt\u00e9grer les enjeux environnementaux aux prestations, aux offres et aux r\u00e9ponses aux appels d&rsquo;offres.<\/li>\n<li><strong>Verdir l&rsquo;\u00e9pargne salariale<\/strong><br \/>\nFavoriser la prise en compte de crit\u00e8res environnementaux et le recours \u00e0 a des fonds responsables.<\/li>\n<\/ol>\n<h3>Des outils pour permettre \u00e0 chaque entreprise d&rsquo;avancer<\/h3>\n<p>Parce que la transition environnementale ne peut pas se reposer sur une approche uniforme, l&rsquo;accord pr\u00e9voit des outils adapt\u00e9s aux diff\u00e9rentes tailles d&rsquo;entreprises.<\/p>\n<p>Parmi eux : un auto-diagnostic environnemental, un plan d&rsquo;action progressif ainsi qu&rsquo;une m\u00e9thode permettant d&rsquo;int\u00e9grer les risques climatiques au <a href=\"https:\/\/entreprendre.service-public.gouv.fr\/vosdroits\/F35360\">DUERP (Document Unique d\u2019\u00c9valuations des Risques Professionnels)<\/a>.<\/p>\n<p>L&rsquo;objectif est clair : donner aux entreprises les moyens d&rsquo;agir, tout en permettant aux salari\u00e9s et \u00e0 leurs repr\u00e9sentants de prendre pleinement part \u00e0 la d\u00e9marche.<\/p>\n<h3>Une avanc\u00e9e pour toute la Branche<\/h3>\n<p>Avec cet accord, la <strong><span style=\"color: #0000ff;\">CFTC<\/span><\/strong> porte une vision de la transition environnementale qui associe performance sociale, anticipation des transformations du travail et responsabilit\u00e9 environnementale.<\/p>\n<p>Ces nouvelles dispositions s&rsquo;appliqueront \u00e0 l&rsquo;ensemble de la Branche apr\u00e8s extension de l&rsquo;accord et de son avenant, au plus t\u00f4t \u00e0 compter du 1er janvier 2027.<\/p>\n<p>Pour le SICSTI <strong><span style=\"color: #0000ff;\">CFTC<\/span><\/strong>, cette signature marque une \u00e9tape importante : la transition environnementale doit \u00eatre l&rsquo;affaire de tous, et ne surtout pas se faire sans les salari\u00e9s.<\/p>\n<div class=\"wp-block-pdfemb-pdf-embedder-viewer\"><a href=\"https:\/\/cftc-sicsti.fr\/wp-content\/uploads\/2026\/09\/COMMUNIQUE-DE-PRESSE-Accord_Transition_Environnementale.pdf\" class=\"pdfemb-viewer\" style=\"\" data-width=\"max\" data-height=\"max\" data-toolbar=\"bottom\" data-toolbar-fixed=\"off\">COMMUNIQU\u00c9 DE PRESSE Accord_Transition_Environnementale<\/a><\/div>\n<p><a href=\"https:\/\/cftc-sicsti.fr\/adherez-en-ligne\/\" target=\"_blank\" rel=\"noopener\"><strong><span style=\"color: #3366ff;\">Adh\u00e9rez \u00e0 la CFTC !<\/span><\/strong><\/a><\/p>\n","protected":false},"excerpt":{"rendered":"<p>Le 9 juillet 2026, les partenaires sociaux de la Branche BETIC (IDCC 1486) ont sign\u00e9 un accord majeur sur la transition environnementale. Port\u00e9 par la CFTC, cet accord fixe un cadre concret pour permettre aux entreprises et aux salari\u00e9s de la Branche d&rsquo;agir ensemble face aux enjeux environnementaux.\u00a0 Pour le SICSTI CFTC, cette signature constitue [&hellip;]<\/p>\n","protected":false},"author":358,"featured_media":12723,"comment_status":"closed","ping_status":"closed","sticky":false,"template":"","format":"standard","meta":{"footnotes":""},"categories":[52],"tags":[],"class_list":["post-12715","post","type-post","status-publish","format-standard","has-post-thumbnail","hentry","category-accords"],"_links":{"self":[{"href":"https:\/\/cftc-sicsti.fr\/capgemini\/wp-json\/wp\/v2\/posts\/12715","targetHints":{"allow":["GET"]}}],"collection":[{"href":"https:\/\/cftc-sicsti.fr\/capgemini\/wp-json\/wp\/v2\/posts"}],"about":[{"href":"https:\/\/cftc-sicsti.fr\/capgemini\/wp-json\/wp\/v2\/types\/post"}],"author":[{"embeddable":true,"href":"https:\/\/cftc-sicsti.fr\/capgemini\/wp-json\/wp\/v2\/users\/358"}],"replies":[{"embeddable":true,"href":"https:\/\/cftc-sicsti.fr\/capgemini\/wp-json\/wp\/v2\/comments?post=12715"}],"version-history":[{"count":3,"href":"https:\/\/cftc-sicsti.fr\/capgemini\/wp-json\/wp\/v2\/posts\/12715\/revisions"}],"predecessor-version":[{"id":12722,"href":"https:\/\/cftc-sicsti.fr\/capgemini\/wp-json\/wp\/v2\/posts\/12715\/revisions\/12722"}],"wp:featuredmedia":[{"embeddable":true,"href":"https:\/\/cftc-sicsti.fr\/capgemini\/wp-json\/wp\/v2\/media\/12723"}],"wp:attachment":[{"href":"https:\/\/cftc-sicsti.fr\/capgemini\/wp-json\/wp\/v2\/media?parent=12715"}],"wp:term":[{"taxonomy":"category","embeddable":true,"href":"https:\/\/cftc-sicsti.fr\/capgemini\/wp-json\/wp\/v2\/categories?post=12715"},{"taxonomy":"post_tag","embeddable":true,"href":"https:\/\/cftc-sicsti.fr\/capgemini\/wp-json\/wp\/v2\/tags?post=12715"}],"curies":[{"name":"wp","href":"https:\/\/api.w.org\/{rel}","templated":true}]}}