{"id":12634,"date":"2026-08-21T09:53:49","date_gmt":"2026-08-21T07:53:49","guid":{"rendered":"https:\/\/cftc-sicsti.fr\/capgemini\/?p=12634"},"modified":"2026-08-21T14:49:42","modified_gmt":"2026-08-21T12:49:42","slug":"cse-appli-voyages-et-escapades-la-cftc-defend-lequite-avant-tout","status":"publish","type":"post","link":"https:\/\/cftc-sicsti.fr\/capgemini\/cse-appli-voyages-et-escapades-la-cftc-defend-lequite-avant-tout\/","title":{"rendered":"CSE Appli &#8211; Voyages et Escapades : la CFTC d\u00e9fend l&rsquo;\u00e9quit\u00e9 avant tout"},"content":{"rendered":"<p>Lors du dernier CSE Appli de juillet, les \u00e9lus \u00e9taient consult\u00e9s sur une \u00e9volution des r\u00e8gles de subventionnement des offres <strong>Voyages<\/strong> et <strong>Escapades<\/strong>. Fid\u00e8le \u00e0 ses valeurs et aux positions qu&rsquo;elle d\u00e9fend depuis plusieurs ann\u00e9es, la <span style=\"color: #0000ff\"><strong>CFTC <\/strong><\/span>a \u00e9mis un avis d\u00e9favorable sur les mesures propos\u00e9es.<\/p>\n<h2>Un constat partag\u00e9, mais des r\u00e9ponses inadapt\u00e9es<\/h2>\n<p>Personne ne conteste la r\u00e9alit\u00e9 : l&rsquo;augmentation du co\u00fbt des transports, la hausse constante des prestations touristiques et l&rsquo;\u00e9rosion du pouvoir d&rsquo;achat rendent l&rsquo;acc\u00e8s aux vacances de plus en plus difficile pour de nombreux salari\u00e9s.<br \/>\nPour autant, la<span style=\"color: #0000ff\"> <strong>CFTC <\/strong><\/span>estime que les \u00e9volutions pr\u00e9sent\u00e9es ne r\u00e9pondent pas pleinement \u00e0 cet enjeu. En l&rsquo;absence d&rsquo;\u00e9tudes d&rsquo;impact d\u00e9taill\u00e9es et de simulations transparentes, comment d\u00e9montrer que les nouvelles mesures permettront r\u00e9ellement d&rsquo;am\u00e9liorer l&rsquo;acc\u00e8s aux voyages pour les salari\u00e9s qui en ont le plus besoin? <a style=\"text-decoration: none;color: #464feb\" href=\"http:\/\/cftc-sicsti.fr\/capgemini\/wp-content\/uploads\/sites\/94\/2026\/08\/Declaration-CFTC-voyages-et-escapades.pdf\">[D\u00e9claratio&#8230;escapades | PDF]<\/a><\/p>\n<h2>R\u00e9former le TSR plut\u00f4t que g\u00e9n\u00e9raliser les aides forfaitaires<\/h2>\n<p>Pour la<span style=\"color: #0000ff\"> <strong>CFTC<\/strong><\/span>, la priorit\u00e9 doit \u00eatre la r\u00e9vision du <strong>Taux de Subvention de R\u00e9f\u00e9rence (TSR)<\/strong>, outil qui a d\u00e9montr\u00e9 depuis plusieurs ann\u00e9es son efficacit\u00e9 en mati\u00e8re de redistribution sociale.<br \/>\nPlut\u00f4t que d&rsquo;accorder des aides identiques \u00e0 tous, quelles que soient les ressources des b\u00e9n\u00e9ficiaires, nous d\u00e9fendons un syst\u00e8me qui tienne compte de la situation r\u00e9elle des salari\u00e9s et de leurs familles. Une \u00e9volution du TSR permettrait :<\/p>\n<ul>\n<li>de r\u00e9duire davantage le reste \u00e0 charge des salari\u00e9s les plus modestes ;<\/li>\n<li>de renforcer l&rsquo;\u00e9quit\u00e9 entre les b\u00e9n\u00e9ficiaires ;<\/li>\n<li>de pr\u00e9server la vocation sociale des Activit\u00e9s Sociales et Culturelles ;<\/li>\n<li>d&rsquo;orienter prioritairement les budgets du CSE Appli vers ceux qui rencontrent le plus de difficult\u00e9s.<\/li>\n<li>de r\u00e9pondre durablement aux probl\u00e9matiques de pouvoir d&rsquo;achat et d&rsquo;acc\u00e8s aux vacances.<\/li>\n<\/ul>\n<h2>Des interrogations sur le voyage solidaire<\/h2>\n<p>La <strong><span style=\"color: #0000ff\">CFTC<\/span> <\/strong>a \u00e9galement fait part de ses r\u00e9serves concernant l&rsquo;\u00e9volution du <strong>voyage solidaire<\/strong>. La sortie de cette prestation de l&rsquo;univers \u00ab Voyages \u00bb et son int\u00e9gration dans l&rsquo;univers \u00ab \u00c9v\u00e9nements \u00bb modifient en profondeur les conditions d&rsquo;acc\u00e8s au dispositif.<br \/>\nNous consid\u00e9rons que les cons\u00e9quences de cette modification n&rsquo;ont pas \u00e9t\u00e9 suffisamment \u00e9tudi\u00e9es ni justifi\u00e9es. En l&rsquo;\u00e9tat, rien ne permet de d\u00e9montrer que cette \u00e9volution renforcera l&rsquo;\u00e9quit\u00e9 entre les salari\u00e9s, pourtant affich\u00e9e comme l&rsquo;objectif recherch\u00e9.<\/p>\n<h2>Une meilleure prise en compte des salari\u00e9s en r\u00e9gion<\/h2>\n<p>La<span style=\"color: #0000ff\"> <strong>CFTC <\/strong><\/span>continue \u00e9galement de r\u00e9clamer davantage de d\u00e9parts depuis les grandes m\u00e9tropoles r\u00e9gionales. Aujourd&rsquo;hui, de nombreux salari\u00e9s de province sont encore contraints de passer par Paris pour acc\u00e9der aux offres propos\u00e9es. Cette situation entra\u00eene des co\u00fbts suppl\u00e9mentaires, des temps de trajet plus longs et parfois la n\u00e9cessit\u00e9 de poser des cong\u00e9s additionnels.<br \/>\nPour notre organisation de travail, proposer des d\u00e9parts r\u00e9gionaux constitue une mesure concr\u00e8te en faveur de l&rsquo;\u00e9quit\u00e9 et de l&rsquo;accessibilit\u00e9 des prestations pour tous les salari\u00e9s.<\/p>\n<h2>Un projet rejet\u00e9 par les \u00e9lus<\/h2>\n<p>\u00c0 l&rsquo;issue des d\u00e9bats, le r\u00e9sultat du vote a \u00e9t\u00e9 le suivant :\u00a0 <strong>30 votants<\/strong><\/p>\n<ul>\n<li><strong>13 voix POUR\u00a0 \/\u00a0 \u00a0<\/strong><strong>15 voix CONTRE\u00a0 \/\u00a0 <\/strong><strong>2 abstentions<\/strong><\/li>\n<\/ul>\n<p>Le projet a donc \u00e9t\u00e9 <strong>rejet\u00e9 par la majorit\u00e9 des \u00e9lus du CSE Appli.<\/strong><\/p>\n<h2>Un signal fort pour revoir la copie<\/h2>\n<p>La <strong><span style=\"color: #0000ff\">CFTC<\/span> <\/strong>prend acte de ce r\u00e9sultat qui traduit les nombreuses interrogations exprim\u00e9es au sein de l&rsquo;instance sur les effets r\u00e9els des mesures propos\u00e9es.<br \/>\nNous esp\u00e9rons d\u00e9sormais que ce vote permettra de rouvrir les discussions sur des bases plus solides, avec des \u00e9tudes d&rsquo;impact objectives, des simulations transparentes et une r\u00e9flexion approfondie sur une r\u00e9forme du TSR.<br \/>\nL&rsquo;objectif doit rester celui qui rassemble tous les \u00e9lus : <strong>permettre au plus grand nombre de salari\u00e9s et \u00e0 leurs familles d&rsquo;acc\u00e9der aux prestations du CSE Appli tout en pr\u00e9servant l&rsquo;\u00e9quit\u00e9, la solidarit\u00e9 et la vocation sociale de nos Activit\u00e9s Sociales et Culturelles.<\/strong><\/p>\n<p><strong>Pour la CFTC, la v\u00e9ritable modernisation du dispositif passe par un renforcement du caract\u00e8re redistributif du TSR et non par la mise en place d&rsquo;aides uniformes. Les budgets du CSE Appli doivent continuer \u00e0 b\u00e9n\u00e9ficier prioritairement aux salari\u00e9s qui en ont le plus besoin.<\/strong> <a style=\"text-decoration: none;color: #464feb\" href=\"http:\/\/cftc-sicsti.fr\/capgemini\/wp-content\/uploads\/sites\/94\/2026\/08\/Declaration-CFTC-voyages-et-escapades.pdf\">[D\u00e9claratio&#8230;escapades | PDF]<\/a><\/p>\n<p><a href=\"https:\/\/cftc-sicsti.fr\/adherez-en-ligne\/\" target=\"_blank\" rel=\"noopener\"><strong><span style=\"color: #3366ff\">Adh\u00e9rez \u00e0 la CFTC !<\/span><\/strong><\/a><\/p>\n","protected":false},"excerpt":{"rendered":"<p>Lors du dernier CSE Appli de juillet, les \u00e9lus \u00e9taient consult\u00e9s sur une \u00e9volution des r\u00e8gles de subventionnement des offres Voyages et Escapades. Fid\u00e8le \u00e0 ses valeurs et aux positions qu&rsquo;elle d\u00e9fend depuis plusieurs ann\u00e9es, la CFTC a \u00e9mis un avis d\u00e9favorable sur les mesures propos\u00e9es. Un constat partag\u00e9, mais des r\u00e9ponses inadapt\u00e9es Personne ne [&hellip;]<\/p>\n","protected":false},"author":359,"featured_media":12675,"comment_status":"closed","ping_status":"closed","sticky":false,"template":"","format":"standard","meta":{"footnotes":""},"categories":[5],"tags":[],"class_list":["post-12634","post","type-post","status-publish","format-standard","has-post-thumbnail","hentry","category-cse"],"_links":{"self":[{"href":"https:\/\/cftc-sicsti.fr\/capgemini\/wp-json\/wp\/v2\/posts\/12634","targetHints":{"allow":["GET"]}}],"collection":[{"href":"https:\/\/cftc-sicsti.fr\/capgemini\/wp-json\/wp\/v2\/posts"}],"about":[{"href":"https:\/\/cftc-sicsti.fr\/capgemini\/wp-json\/wp\/v2\/types\/post"}],"author":[{"embeddable":true,"href":"https:\/\/cftc-sicsti.fr\/capgemini\/wp-json\/wp\/v2\/users\/359"}],"replies":[{"embeddable":true,"href":"https:\/\/cftc-sicsti.fr\/capgemini\/wp-json\/wp\/v2\/comments?post=12634"}],"version-history":[{"count":4,"href":"https:\/\/cftc-sicsti.fr\/capgemini\/wp-json\/wp\/v2\/posts\/12634\/revisions"}],"predecessor-version":[{"id":12679,"href":"https:\/\/cftc-sicsti.fr\/capgemini\/wp-json\/wp\/v2\/posts\/12634\/revisions\/12679"}],"wp:featuredmedia":[{"embeddable":true,"href":"https:\/\/cftc-sicsti.fr\/capgemini\/wp-json\/wp\/v2\/media\/12675"}],"wp:attachment":[{"href":"https:\/\/cftc-sicsti.fr\/capgemini\/wp-json\/wp\/v2\/media?parent=12634"}],"wp:term":[{"taxonomy":"category","embeddable":true,"href":"https:\/\/cftc-sicsti.fr\/capgemini\/wp-json\/wp\/v2\/categories?post=12634"},{"taxonomy":"post_tag","embeddable":true,"href":"https:\/\/cftc-sicsti.fr\/capgemini\/wp-json\/wp\/v2\/tags?post=12634"}],"curies":[{"name":"wp","href":"https:\/\/api.w.org\/{rel}","templated":true}]}}