{"id":11507,"date":"2026-01-20T11:04:56","date_gmt":"2026-01-20T10:04:56","guid":{"rendered":"https:\/\/cftc-sicsti.fr\/capgemini\/?p=11507"},"modified":"2026-02-09T11:17:58","modified_gmt":"2026-02-09T10:17:58","slug":"annonce-dun-plan-dadaptation-des-competences-et-des-metiers","status":"publish","type":"post","link":"https:\/\/cftc-sicsti.fr\/capgemini\/annonce-dun-plan-dadaptation-des-competences-et-des-metiers\/","title":{"rendered":"Flash Info #1 R\u00e9duction d&rsquo;effectifs \u00e0 Capgemini &#8211; Annonce de ce jour"},"content":{"rendered":"<h3><span style=\"color: #000080;\">Annonce du plan<\/span><\/h3>\n<p>Les\u00a0 \u00e9lus CFTC sont inform\u00e9s ce jour du projet intitul\u00e9 \u00ab\u00a0Plan d&rsquo;adaptation des comp\u00e9tences et des m\u00e9tiers\u00a0\u00bb pour le Groupe Capgemini en France (UES Capgemini et UES Altran). C&rsquo;est dans les faits un plan de r\u00e9duction d&rsquo;effectif qui pourra \u00eatre temp\u00e9r\u00e9 par des dispositions de mobilit\u00e9 interne.<\/p>\n<p>La Direction justifie ce plan par <strong>la mauvaise situation du march\u00e9<\/strong> (en particulier dans certains secteurs comme l&rsquo;automobile) et <strong>les \u00e9volutions technologiques<\/strong> (SaaS, internalisation des clients, offshore, IA&#8230;.etc). Vous avez re\u00e7u la communication officielle de la Direction. Ce plan pr\u00e9voit jusqu&rsquo;\u00e0 <strong>2400<\/strong> suppressions de postes en partie compens\u00e9es par la cr\u00e9ation de nouveaux postes en mobilit\u00e9 g\u00e9ographique et\/ou de comp\u00e9tences.<\/p>\n<p><strong>Les p\u00e9rim\u00e8tres concern\u00e9s <\/strong>sont ALTRAN, APPS, INFRA CIS, INGENIERIE, SOGETI, FS, I&amp;D et Services Partag\u00e9s. INVENT et CORPORATE ne sont pas concern\u00e9s.<\/p>\n<h3><span style=\"color: #000080;\"><strong>L&rsquo;analyse de la CFTC<\/strong><\/span><\/h3>\n<p><strong>Sur la situation \u00e9conomique<\/strong> : nous constatons chaque mois la diminution des effectifs et du chiffre d&rsquo;affaires. Nous pensions que ce \u00ab\u00a0repli progressif\u00a0\u00bb \u00e9tait ma\u00eetris\u00e9, mais apparemment, ce n&rsquo;est pas suffisant. Nous v\u00e9rifierons ce point.<\/p>\n<p>Nous allons aussi analyser le rapport entre <strong>mobilit\u00e9 interne<\/strong> (nombre d&rsquo;ouverture de postes) et la <strong>mobilit\u00e9 externe<\/strong> (Rupture Conventionnelle Collective) dans ce projet. En clair, quelle est la r\u00e9duction d&rsquo;effectif vis\u00e9e par la Direction (ce n&rsquo;est pas clairement indiqu\u00e9).<\/p>\n<p><strong>Cette annonce est anxiog\u00e8ne<\/strong>, m\u00eame si le crit\u00e8re de volontariat est affirm\u00e9 et r\u00e9p\u00e9t\u00e9 par la Direction. Pour nous, il faut d&rsquo;abord r\u00e9unir <strong>les informations factuelles<\/strong> (notamment lors du CSEC du 29 janvier prochain) pour juger de la situation et agir comme il convient : n\u00e9gociation, propositions et quand c&rsquo;est n\u00e9cessaire opposition sur les sujets qui f\u00e2chent.<\/p>\n<h3><span style=\"color: #000080;\"><strong>What Next ?<\/strong><\/span><\/h3>\n<p><strong>La CFTC sera particuli\u00e8rement attentive aux modalit\u00e9s, <\/strong>sur le volontariat, sur les conditions financi\u00e8res, sur les moyens de formation et d&rsquo;accompagnement des salari\u00e9s, qu&rsquo;ils choisissent la mobilit\u00e9 externe ou interne.<\/p>\n<p>Par ailleurs, nous devrons consacrer aussi une attention particuli\u00e8re aux coll\u00e8gues&#8230; qui restent.<\/p>\n<p>La CFTC participera \u00e0 la <strong>n\u00e9gociation de l&rsquo;accord<\/strong> cadre de ce projet (d\u00e9but de la n\u00e9gociation le 5 f\u00e9vrier). Nous vous informerons au fur et \u00e0 mesure via newsletter, et votre avis sera pr\u00e9cieux.<\/p>\n<p><strong>La CFTC est \u00e0 vos c\u00f4t\u00e9s<\/strong> comme chaque fois que n\u00e9cessaire et tout au long du plan \u00e0 venir. N&rsquo;h\u00e9sitez pas \u00e0 vous informer, \u00e0 consulter nos articles, lire notre newsletter et nos flashs d&rsquo;information. Vous pouvez contacter en priorit\u00e9 vos repr\u00e9sentants CFTC.<\/p>\n<p>N.B. Les adh\u00e9rents CFTC sont inform\u00e9s en temps r\u00e9el et consult\u00e9s en interne sur les options \u00e0 d\u00e9fendre.<\/p>\n<p><a href=\"http:\/\/adhesion.sicsti.fr\">Rejoignez nous !<\/a><\/p>\n","protected":false},"excerpt":{"rendered":"<p>Annonce du plan Les\u00a0 \u00e9lus CFTC sont inform\u00e9s ce jour du projet intitul\u00e9 \u00ab\u00a0Plan d&rsquo;adaptation des comp\u00e9tences et des m\u00e9tiers\u00a0\u00bb pour le Groupe Capgemini en France (UES Capgemini et UES Altran). C&rsquo;est dans les faits un plan de r\u00e9duction d&rsquo;effectif qui pourra \u00eatre temp\u00e9r\u00e9 par des dispositions de mobilit\u00e9 interne. La Direction justifie ce plan [&hellip;]<\/p>\n","protected":false},"author":323,"featured_media":11516,"comment_status":"closed","ping_status":"closed","sticky":false,"template":"","format":"standard","meta":{"footnotes":""},"categories":[41],"tags":[],"class_list":["post-11507","post","type-post","status-publish","format-standard","has-post-thumbnail","hentry","category-emploi"],"_links":{"self":[{"href":"https:\/\/cftc-sicsti.fr\/capgemini\/wp-json\/wp\/v2\/posts\/11507","targetHints":{"allow":["GET"]}}],"collection":[{"href":"https:\/\/cftc-sicsti.fr\/capgemini\/wp-json\/wp\/v2\/posts"}],"about":[{"href":"https:\/\/cftc-sicsti.fr\/capgemini\/wp-json\/wp\/v2\/types\/post"}],"author":[{"embeddable":true,"href":"https:\/\/cftc-sicsti.fr\/capgemini\/wp-json\/wp\/v2\/users\/323"}],"replies":[{"embeddable":true,"href":"https:\/\/cftc-sicsti.fr\/capgemini\/wp-json\/wp\/v2\/comments?post=11507"}],"version-history":[{"count":5,"href":"https:\/\/cftc-sicsti.fr\/capgemini\/wp-json\/wp\/v2\/posts\/11507\/revisions"}],"predecessor-version":[{"id":11638,"href":"https:\/\/cftc-sicsti.fr\/capgemini\/wp-json\/wp\/v2\/posts\/11507\/revisions\/11638"}],"wp:featuredmedia":[{"embeddable":true,"href":"https:\/\/cftc-sicsti.fr\/capgemini\/wp-json\/wp\/v2\/media\/11516"}],"wp:attachment":[{"href":"https:\/\/cftc-sicsti.fr\/capgemini\/wp-json\/wp\/v2\/media?parent=11507"}],"wp:term":[{"taxonomy":"category","embeddable":true,"href":"https:\/\/cftc-sicsti.fr\/capgemini\/wp-json\/wp\/v2\/categories?post=11507"},{"taxonomy":"post_tag","embeddable":true,"href":"https:\/\/cftc-sicsti.fr\/capgemini\/wp-json\/wp\/v2\/tags?post=11507"}],"curies":[{"name":"wp","href":"https:\/\/api.w.org\/{rel}","templated":true}]}}